{"id":1443,"date":"2020-09-29T10:54:20","date_gmt":"2020-09-29T10:54:20","guid":{"rendered":"http:\/\/wp.gritdevils.de\/?p=1443"},"modified":"2020-09-29T11:22:10","modified_gmt":"2020-09-29T11:22:10","slug":"logbucheintrag-20200928-2","status":"publish","type":"post","link":"http:\/\/wp.gritdevils.de\/?p=1443","title":{"rendered":"Logbucheintrag 2020,0928"},"content":{"rendered":"\n<p><strong>Mission<\/strong>:Kampf dem Dachzelt<\/p>\n\n\n\n<p><strong>Etappe<\/strong>: Ich schwitze<\/p>\n\n\n\n<p><strong>Ziel<\/strong>: Kalmar<\/p>\n\n\n\n<p>Ich bin fr\u00fch wach und schlendere im Morgengrauen umher&#8230;<\/p>\n\n\n\n<figure class=\"wp-block-image size-large\"><img loading=\"lazy\" decoding=\"async\" width=\"1024\" height=\"768\" src=\"http:\/\/wp.gritdevils.de\/wp-content\/uploads\/2020\/09\/54D64F2F-0559-42EC-9F6D-F8FD72FEC163-1024x768.jpeg\" alt=\"\" class=\"wp-image-1437\" srcset=\"http:\/\/wp.gritdevils.de\/wp-content\/uploads\/2020\/09\/54D64F2F-0559-42EC-9F6D-F8FD72FEC163-1024x768.jpeg 1024w, http:\/\/wp.gritdevils.de\/wp-content\/uploads\/2020\/09\/54D64F2F-0559-42EC-9F6D-F8FD72FEC163-300x225.jpeg 300w, http:\/\/wp.gritdevils.de\/wp-content\/uploads\/2020\/09\/54D64F2F-0559-42EC-9F6D-F8FD72FEC163-768x576.jpeg 768w, http:\/\/wp.gritdevils.de\/wp-content\/uploads\/2020\/09\/54D64F2F-0559-42EC-9F6D-F8FD72FEC163-1536x1152.jpeg 1536w, http:\/\/wp.gritdevils.de\/wp-content\/uploads\/2020\/09\/54D64F2F-0559-42EC-9F6D-F8FD72FEC163-2048x1536.jpeg 2048w\" sizes=\"auto, (max-width: 767px) 89vw, (max-width: 1000px) 54vw, (max-width: 1071px) 543px, 580px\" \/><\/figure>\n\n\n\n<!--more-->\n\n\n\n<p>ehe ich mich daran mache das Dachzelt wieder klein zu kriegen&#8230; eine schwei\u00dftreibende Angelegenheit, kann ich euch sagen. Langsam beschleichen mich Zweifel ob es so ne gute Idee war&#8230; aber Jammern hilft nicht&#8230; in Summe brauch ich 3 Anl\u00e4ufe&#8230; ein schwedische paar kommt dann doch auf mich zu um Hilfe anzubieten&#8230; ich lehne dankend ab, denn ich muss es ja alleine schaffen, bin ja schon gro\u00df&#8230; allerdings ein paar cm an K\u00f6rpergr\u00f6\u00dfe mehr w\u00e4ren hilfreich&#8230; Anmerkung der Redaktion: und sie ist schon nicht die Kleinste<\/p>\n\n\n\n<p>Am Ende hab ich es nach 3 Anl\u00e4ufen dann doch geschafft das Biest wieder zu verstauen&#8230;&nbsp;<\/p>\n\n\n\n<p>Ich mache mich auf um einen Schwedischen Schrottplatz zu besichtigen&#8230; ein Eldorado f\u00fcr Fotografen&#8230; da muss ich nat\u00fcrlich auch hin&#8230;<\/p>\n\n\n\n<p>Es soll Leute geben, die glauben, Autos h\u00e4tten eine Seele. Falls das stimmt, k\u00f6nnte diese Seele vielleicht gerade hier sp\u00fcrbar werden \u2013 in einem auf den ersten Blick so gew\u00f6hnlich erscheinenden s\u00fcdschwedischen Waldst\u00fcck, knapp 200 Kilometer n\u00f6rdlich von Malm\u00f6. ich \u00fcberlege ob mein Silberpfeil eine Seele hat, wenn ja wird er mich wegen der Plackerei verfluchen&#8230; ein Gl\u00fcck der Spritverbrauch ist dank schwedischem Schleichprinzip von \u00fcber 11 L auf 8L zur\u00fcck gegangen&#8230; der arme Silbi&#8230; <\/p>\n\n\n\n<p>doch zur\u00fcck zum Schrottplatz&#8230; ich erz\u00e4hle euch jetzt eine Geschichte&#8230; eine Geschichte \u00fcber \u00c5kne&#8230; 1914 kam \u00c5ke in der Provinz Sk\u00e5ne zur Welt \u2013 in einer Zeit, in der das Automobil noch eine absolute Ausnahmeerscheinung war. Zun\u00e4chst hatte der aus dem \u00e4u\u00dfersten schwedischen S\u00fcden stammende \u00c5ke als junger Mann auf dem sumpfigen Gel\u00e4nde Torf gestochen. Daf\u00fcr hatte er sogar eigens Gleise f\u00fcr eine kleine Bahn verlegt. Dann schwenkte er irgendwann sprichw\u00f6rtlich um auf die Autoschiene. Es war in den 50er Jahren \u2013 in einer Zeit, in der viele Schweden pl\u00f6tzlich selber ein eigenes Auto fahren wollten. Viele der Autos sind schnell gerostet und die Leute brauchten einen Abstellplatz. Der Boden hier war nicht gerade wertvoll und die Nachfrage nach Torf ging zur\u00fcck. Und da sagten sich die Leute: \u201aNa, dann fahren wir doch raus zu \u00c5ke und lassen den Wagen dort stehen!\u2018 Und er sagte \u201aJa, macht das mal\u2018 und dann fing er an, Teile aus den abgestellten Fahrzeugen rauszuholen und sie dann wieder zu verkaufen. Das war \u00c5kne, ein Unternehmer der aus anderer Leute Schrott geld machte&#8230; Reich geworden ist er aber nicht.. aber wenn ich so den Waldweg lang schlendere wird mir klar was hier f\u00fcr Sch\u00e4tze liegen&#8230; doch leider verleibt sich der Wald und die Natur diese ein. In 30Jahren wird davon wohl nicht mehr viel \u00fcbrig sein.<\/p>\n\n\n\n<figure class=\"wp-block-gallery columns-2 is-cropped wp-block-gallery-1 is-layout-flex wp-block-gallery-is-layout-flex\"><ul class=\"blocks-gallery-grid\"><li class=\"blocks-gallery-item\"><figure><img loading=\"lazy\" decoding=\"async\" width=\"480\" height=\"640\" src=\"http:\/\/wp.gritdevils.de\/wp-content\/uploads\/2020\/09\/FEB5B9C4-1874-4E1F-8F76-BA0E88C64440.jpeg\" alt=\"\" data-id=\"1438\" data-full-url=\"http:\/\/wp.gritdevils.de\/wp-content\/uploads\/2020\/09\/FEB5B9C4-1874-4E1F-8F76-BA0E88C64440.jpeg\" data-link=\"http:\/\/wp.gritdevils.de\/?attachment_id=1438\" class=\"wp-image-1438\" srcset=\"http:\/\/wp.gritdevils.de\/wp-content\/uploads\/2020\/09\/FEB5B9C4-1874-4E1F-8F76-BA0E88C64440.jpeg 480w, http:\/\/wp.gritdevils.de\/wp-content\/uploads\/2020\/09\/FEB5B9C4-1874-4E1F-8F76-BA0E88C64440-225x300.jpeg 225w\" sizes=\"auto, (max-width: 480px) 100vw, 480px\" \/><\/figure><\/li><li class=\"blocks-gallery-item\"><figure><img loading=\"lazy\" decoding=\"async\" width=\"480\" height=\"640\" src=\"http:\/\/wp.gritdevils.de\/wp-content\/uploads\/2020\/09\/13A9000E-7ABF-4108-90C4-367B7D621164.jpeg\" alt=\"\" data-id=\"1439\" data-full-url=\"http:\/\/wp.gritdevils.de\/wp-content\/uploads\/2020\/09\/13A9000E-7ABF-4108-90C4-367B7D621164.jpeg\" data-link=\"http:\/\/wp.gritdevils.de\/?attachment_id=1439\" class=\"wp-image-1439\" srcset=\"http:\/\/wp.gritdevils.de\/wp-content\/uploads\/2020\/09\/13A9000E-7ABF-4108-90C4-367B7D621164.jpeg 480w, http:\/\/wp.gritdevils.de\/wp-content\/uploads\/2020\/09\/13A9000E-7ABF-4108-90C4-367B7D621164-225x300.jpeg 225w\" sizes=\"auto, (max-width: 480px) 100vw, 480px\" \/><\/figure><\/li><li class=\"blocks-gallery-item\"><figure><img loading=\"lazy\" decoding=\"async\" width=\"640\" height=\"233\" src=\"http:\/\/wp.gritdevils.de\/wp-content\/uploads\/2020\/09\/0C446430-8EEF-41D4-B309-1A0615364BF3.jpeg\" alt=\"\" data-id=\"1440\" data-full-url=\"http:\/\/wp.gritdevils.de\/wp-content\/uploads\/2020\/09\/0C446430-8EEF-41D4-B309-1A0615364BF3.jpeg\" data-link=\"http:\/\/wp.gritdevils.de\/?attachment_id=1440\" class=\"wp-image-1440\" srcset=\"http:\/\/wp.gritdevils.de\/wp-content\/uploads\/2020\/09\/0C446430-8EEF-41D4-B309-1A0615364BF3.jpeg 640w, http:\/\/wp.gritdevils.de\/wp-content\/uploads\/2020\/09\/0C446430-8EEF-41D4-B309-1A0615364BF3-300x109.jpeg 300w\" sizes=\"auto, (max-width: 640px) 100vw, 640px\" \/><\/figure><\/li><\/ul><\/figure>\n\n\n\n<p>Am Nachmittag fahre bzw. schleiche ich ich noch ca. 160km in nord\u00f6stliche Richtung nach Kalmar, das Tor zu \u00d6land, hier schlage ich mal wieder ein Lager auf&#8230;<\/p>\n\n\n\n<p><\/p>\n\n\n\n<p>Nachtlager aufbauen ist immer einfacher als abbauen, soviel steht fest. <\/p>\n\n\n\n<figure class=\"wp-block-gallery columns-3 is-cropped wp-block-gallery-2 is-layout-flex wp-block-gallery-is-layout-flex\"><ul class=\"blocks-gallery-grid\"><li class=\"blocks-gallery-item\"><figure><img loading=\"lazy\" decoding=\"async\" width=\"640\" height=\"480\" src=\"http:\/\/wp.gritdevils.de\/wp-content\/uploads\/2020\/09\/02B6836D-A787-4FF1-872F-E31A3E133D6A.jpeg\" alt=\"\" data-id=\"1449\" data-full-url=\"http:\/\/wp.gritdevils.de\/wp-content\/uploads\/2020\/09\/02B6836D-A787-4FF1-872F-E31A3E133D6A.jpeg\" data-link=\"http:\/\/wp.gritdevils.de\/?attachment_id=1449\" class=\"wp-image-1449\" srcset=\"http:\/\/wp.gritdevils.de\/wp-content\/uploads\/2020\/09\/02B6836D-A787-4FF1-872F-E31A3E133D6A.jpeg 640w, http:\/\/wp.gritdevils.de\/wp-content\/uploads\/2020\/09\/02B6836D-A787-4FF1-872F-E31A3E133D6A-300x225.jpeg 300w\" sizes=\"auto, (max-width: 640px) 100vw, 640px\" \/><\/figure><\/li><li class=\"blocks-gallery-item\"><figure><img loading=\"lazy\" decoding=\"async\" width=\"640\" height=\"480\" src=\"http:\/\/wp.gritdevils.de\/wp-content\/uploads\/2020\/09\/D6531418-9547-4A4E-8337-958372F6759B.jpeg\" alt=\"\" data-id=\"1450\" data-full-url=\"http:\/\/wp.gritdevils.de\/wp-content\/uploads\/2020\/09\/D6531418-9547-4A4E-8337-958372F6759B.jpeg\" data-link=\"http:\/\/wp.gritdevils.de\/?attachment_id=1450\" class=\"wp-image-1450\" srcset=\"http:\/\/wp.gritdevils.de\/wp-content\/uploads\/2020\/09\/D6531418-9547-4A4E-8337-958372F6759B.jpeg 640w, http:\/\/wp.gritdevils.de\/wp-content\/uploads\/2020\/09\/D6531418-9547-4A4E-8337-958372F6759B-300x225.jpeg 300w\" sizes=\"auto, (max-width: 640px) 100vw, 640px\" \/><\/figure><\/li><li class=\"blocks-gallery-item\"><figure><img loading=\"lazy\" decoding=\"async\" width=\"640\" height=\"480\" src=\"http:\/\/wp.gritdevils.de\/wp-content\/uploads\/2020\/09\/B202168F-6F6D-47FF-B0E4-DA412B401B70.jpeg\" alt=\"\" data-id=\"1451\" data-full-url=\"http:\/\/wp.gritdevils.de\/wp-content\/uploads\/2020\/09\/B202168F-6F6D-47FF-B0E4-DA412B401B70.jpeg\" data-link=\"http:\/\/wp.gritdevils.de\/?attachment_id=1451\" class=\"wp-image-1451\" srcset=\"http:\/\/wp.gritdevils.de\/wp-content\/uploads\/2020\/09\/B202168F-6F6D-47FF-B0E4-DA412B401B70.jpeg 640w, http:\/\/wp.gritdevils.de\/wp-content\/uploads\/2020\/09\/B202168F-6F6D-47FF-B0E4-DA412B401B70-300x225.jpeg 300w\" sizes=\"auto, (max-width: 640px) 100vw, 640px\" \/><\/figure><\/li><li class=\"blocks-gallery-item\"><figure><img loading=\"lazy\" decoding=\"async\" width=\"480\" height=\"640\" src=\"http:\/\/wp.gritdevils.de\/wp-content\/uploads\/2020\/09\/0AEA2B80-3CD5-47DE-9B0B-B88866F4FAD8-e1601363262932.jpeg\" alt=\"\" data-id=\"1442\" data-full-url=\"http:\/\/wp.gritdevils.de\/wp-content\/uploads\/2020\/09\/0AEA2B80-3CD5-47DE-9B0B-B88866F4FAD8-e1601363262932.jpeg\" data-link=\"http:\/\/wp.gritdevils.de\/?attachment_id=1442\" class=\"wp-image-1442\" srcset=\"http:\/\/wp.gritdevils.de\/wp-content\/uploads\/2020\/09\/0AEA2B80-3CD5-47DE-9B0B-B88866F4FAD8-e1601363262932.jpeg 480w, http:\/\/wp.gritdevils.de\/wp-content\/uploads\/2020\/09\/0AEA2B80-3CD5-47DE-9B0B-B88866F4FAD8-e1601363262932-225x300.jpeg 225w\" sizes=\"auto, (max-width: 480px) 100vw, 480px\" \/><\/figure><\/li><\/ul><\/figure>\n\n\n\n<blockquote class=\"wp-block-quote is-layout-flow wp-block-quote-is-layout-flow\"><p>Nur unterwegs erf\u00e4hrt man das Gef\u00fchl m\u00e4rchenhafter Verwunschenheit.\u00a0<em>Erich K\u00e4stner<\/em><\/p><\/blockquote>\n","protected":false},"excerpt":{"rendered":"<p>Mission:Kampf dem Dachzelt Etappe: Ich schwitze Ziel: Kalmar Ich bin fr\u00fch wach und schlendere im Morgengrauen umher&#8230;<\/p>\n","protected":false},"author":1,"featured_media":0,"comment_status":"closed","ping_status":"open","sticky":false,"template":"","format":"standard","meta":{"footnotes":""},"categories":[13],"tags":[],"class_list":["post-1443","post","type-post","status-publish","format-standard","hentry","category-schweden"],"_links":{"self":[{"href":"http:\/\/wp.gritdevils.de\/index.php?rest_route=\/wp\/v2\/posts\/1443","targetHints":{"allow":["GET"]}}],"collection":[{"href":"http:\/\/wp.gritdevils.de\/index.php?rest_route=\/wp\/v2\/posts"}],"about":[{"href":"http:\/\/wp.gritdevils.de\/index.php?rest_route=\/wp\/v2\/types\/post"}],"author":[{"embeddable":true,"href":"http:\/\/wp.gritdevils.de\/index.php?rest_route=\/wp\/v2\/users\/1"}],"replies":[{"embeddable":true,"href":"http:\/\/wp.gritdevils.de\/index.php?rest_route=%2Fwp%2Fv2%2Fcomments&post=1443"}],"version-history":[{"count":6,"href":"http:\/\/wp.gritdevils.de\/index.php?rest_route=\/wp\/v2\/posts\/1443\/revisions"}],"predecessor-version":[{"id":1453,"href":"http:\/\/wp.gritdevils.de\/index.php?rest_route=\/wp\/v2\/posts\/1443\/revisions\/1453"}],"wp:attachment":[{"href":"http:\/\/wp.gritdevils.de\/index.php?rest_route=%2Fwp%2Fv2%2Fmedia&parent=1443"}],"wp:term":[{"taxonomy":"category","embeddable":true,"href":"http:\/\/wp.gritdevils.de\/index.php?rest_route=%2Fwp%2Fv2%2Fcategories&post=1443"},{"taxonomy":"post_tag","embeddable":true,"href":"http:\/\/wp.gritdevils.de\/index.php?rest_route=%2Fwp%2Fv2%2Ftags&post=1443"}],"curies":[{"name":"wp","href":"https:\/\/api.w.org\/{rel}","templated":true}]}}